{"id":17168,"date":"2021-10-18T00:00:00","date_gmt":"2021-10-17T22:00:00","guid":{"rendered":"https:\/\/museu.incaciutat.com\/2022\/03\/28\/liudmila-lopez-dominguez-y-otros-100-artistas-cubanos-ascenso-empinado-profundamente-superficiales\/"},"modified":"2024-07-29T08:43:53","modified_gmt":"2024-07-29T06:43:53","slug":"liudmila-lopez-dominguez-y-otros-100-artistas-cubanos-ascenso-empinado-profundamente-superficiales","status":"publish","type":"post","link":"https:\/\/museuinca.rwdesarrollos.es\/es\/2021\/10\/18\/liudmila-lopez-dominguez-y-otros-100-artistas-cubanos-ascenso-empinado-profundamente-superficiales\/","title":{"rendered":"LIUDMILA L\u00d3PEZ DOM\u00cdNGUEZ Y OTROS 100 ARTISTAS CUBANOS: ASCENSO EMPINADO-PROFUNDAMENTE SUPERFICIALES"},"content":{"rendered":"<p>El Museo del Calzado y de la Industria se viste de su cubano para presentar la exposici\u00f3n \u201cAscenso empinado\u201d de la reconocida artista Liudmila L\u00f3pez Dom\u00ednguez (La Habana, 1977). Con ella, el espectador podr\u00e1 adentrarse en una visi\u00f3n muy personal del mundo del calzado basada en la exaltaci\u00f3n de la feminidad desde la particular sensibilidad del pa\u00eds del artista. La esencia caribe\u00f1a tambi\u00e9n podr\u00e1 sentirse intensamente a partir de la segunda propuesta expositiva: \u201cProfundamente superficiales\u201d, formada por una selecci\u00f3n de obras de 100 artistas cubanos inspirados en los dise\u00f1os de zapatos elaborados previamente por Liudmila L\u00f3pez por la XI Bienal de l &#8216;Havana. L\u00f3pez presenta una selecci\u00f3n de obras desde la madurez art\u00edstica lograda. Esculturas en peque\u00f1o y gran formato que la cubana utiliza para convertir a uno de los complementos de moda m\u00e1s tradicionalmente atribuidos a la feminidad de la mujer en objeto art\u00edstico. Como la propia artista indica, lo m\u00e1s significativo aqu\u00ed es el sentido que ha ganado la obra en la experiencia de confrontaci\u00f3n con diferentes culturas y regiones y el potencial que su historia personal, y las de otras mujeres le han brindado. Liudmila L\u00f3pez explota las posibilidades ofrecidas por la tecnolog\u00eda del corte y grabado con l\u00e1ser de planchas de acr\u00edlico, un material que le ofrece transparencias, elegancia y aparente fragilidad pero que, al mismo tiempo, se materializa en estructuras s\u00f3lidas, complejas por sus soluciones t\u00e9cnicas y un riguroso dise\u00f1o. Liudmila L\u00f3pez Dom\u00ednguez es miembro de la Uni\u00f3n Nacional de  <\/p>\n","protected":false},"excerpt":{"rendered":"<p>El Museo del Calzado y de la Industria se viste de su cubano para presentar la exposici\u00f3n \u201cAscenso empinado\u201d de la reconocida artista Liudmila L\u00f3pez Dom\u00ednguez (La Habana, 1977). Con ella, el espectador podr\u00e1 adentrarse en una visi\u00f3n muy personal del mundo del calzado basada en la exaltaci\u00f3n de la feminidad desde la particular sensibilidad [&hellip;]<\/p>\n","protected":false},"author":3,"featured_media":26825,"comment_status":"closed","ping_status":"closed","sticky":false,"template":"","format":"standard","meta":{"_acf_changed":false,"footnotes":""},"categories":[92],"tags":[],"class_list":["post-17168","post","type-post","status-publish","format-standard","has-post-thumbnail","hentry","category-exposicion"],"acf":[],"_links":{"self":[{"href":"https:\/\/museuinca.rwdesarrollos.es\/es\/wp-json\/wp\/v2\/posts\/17168","targetHints":{"allow":["GET"]}}],"collection":[{"href":"https:\/\/museuinca.rwdesarrollos.es\/es\/wp-json\/wp\/v2\/posts"}],"about":[{"href":"https:\/\/museuinca.rwdesarrollos.es\/es\/wp-json\/wp\/v2\/types\/post"}],"author":[{"embeddable":true,"href":"https:\/\/museuinca.rwdesarrollos.es\/es\/wp-json\/wp\/v2\/users\/3"}],"replies":[{"embeddable":true,"href":"https:\/\/museuinca.rwdesarrollos.es\/es\/wp-json\/wp\/v2\/comments?post=17168"}],"version-history":[{"count":1,"href":"https:\/\/museuinca.rwdesarrollos.es\/es\/wp-json\/wp\/v2\/posts\/17168\/revisions"}],"predecessor-version":[{"id":25931,"href":"https:\/\/museuinca.rwdesarrollos.es\/es\/wp-json\/wp\/v2\/posts\/17168\/revisions\/25931"}],"wp:featuredmedia":[{"embeddable":true,"href":"https:\/\/museuinca.rwdesarrollos.es\/es\/wp-json\/wp\/v2\/media\/26825"}],"wp:attachment":[{"href":"https:\/\/museuinca.rwdesarrollos.es\/es\/wp-json\/wp\/v2\/media?parent=17168"}],"wp:term":[{"taxonomy":"category","embeddable":true,"href":"https:\/\/museuinca.rwdesarrollos.es\/es\/wp-json\/wp\/v2\/categories?post=17168"},{"taxonomy":"post_tag","embeddable":true,"href":"https:\/\/museuinca.rwdesarrollos.es\/es\/wp-json\/wp\/v2\/tags?post=17168"}],"curies":[{"name":"wp","href":"https:\/\/api.w.org\/{rel}","templated":true}]}}