{"id":23333,"date":"2024-06-03T12:35:05","date_gmt":"2024-06-03T10:35:05","guid":{"rendered":"https:\/\/museu.incaciutat.com\/2024\/05\/30\/presentacion-de-la-comunicacion-primer-congreso-eurorregional-de-museografia-industrial-en-el-museo-del-calzado-de-inca\/"},"modified":"2024-07-29T08:44:34","modified_gmt":"2024-07-29T06:44:34","slug":"presentacion-de-la-comunicacion-primer-congreso-eurorregional-de-museografia-industrial-en-el-museo-del-calzado-de-inca","status":"publish","type":"post","link":"https:\/\/museuinca.rwdesarrollos.es\/es\/2024\/06\/03\/presentacion-de-la-comunicacion-primer-congreso-eurorregional-de-museografia-industrial-en-el-museo-del-calzado-de-inca\/","title":{"rendered":"Presentaci\u00f3n de la comunicaci\u00f3n \u00abPrimer Congreso Eurorregional de Museograf\u00eda Industrial en el Museo del Calzado de Inca\u00bb"},"content":{"rendered":"\n<p class=\"wp-block-paragraph\">Esta ma\u00f1ana, las doctoras Lourdes Melis Gomila y <a href=\"https:\/\/www.facebook.com\/ana.ferrerohorrach?__cft__%5B0%5D=AZWlwjUIulkmrkH7jXuobr6xhg4fJQDl_R-X1gAJGrzmZAB51bhL0wc5vL_KrSvHAvCBw12RnzKmDVG_nkjoB9l_mia5jnRzJF6GbKtTKkm8--yxWhA-TnN5GdXcn0Rfugnqv7xPGTx55et77B28yVHFRrhPWdwBfNvK-m50rJ9-iddi7u8hH75Yp3-y8pGftY9r_EkrWLMXx_wHkKfBbA0y&amp;__tn__=-%5DK-R\" target=\"_blank\" rel=\"noopener\">Aina Ferrero Horrach<\/a> han presentado la comunicaci\u00f3n \u00abPrimer Congreso Eurorregional de Museograf\u00eda Industrial en el Museo del Calzado de Inca: conceptualizaci\u00f3n, materializaci\u00f3n y evaluaci\u00f3n\u00bb en las XXIV Jornadas de Estudios Locales de Inca.<\/p>\n","protected":false},"excerpt":{"rendered":"<p>Esta ma\u00f1ana, las doctoras Lourdes Melis Gomila y Aina Ferrero Horrach han presentado la comunicaci\u00f3n \u00abPrimer Congreso Eurorregional de Museograf\u00eda Industrial en el Museo del Calzado de Inca: conceptualizaci\u00f3n, materializaci\u00f3n y evaluaci\u00f3n\u00bb en las XXIV Jornadas de Estudios Locales de Inca.<\/p>\n","protected":false},"author":5,"featured_media":30842,"comment_status":"closed","ping_status":"closed","sticky":false,"template":"","format":"standard","meta":{"_acf_changed":false,"footnotes":""},"categories":[88],"tags":[],"class_list":["post-23333","post","type-post","status-publish","format-standard","has-post-thumbnail","hentry","category-actividad"],"acf":[],"_links":{"self":[{"href":"https:\/\/museuinca.rwdesarrollos.es\/es\/wp-json\/wp\/v2\/posts\/23333","targetHints":{"allow":["GET"]}}],"collection":[{"href":"https:\/\/museuinca.rwdesarrollos.es\/es\/wp-json\/wp\/v2\/posts"}],"about":[{"href":"https:\/\/museuinca.rwdesarrollos.es\/es\/wp-json\/wp\/v2\/types\/post"}],"author":[{"embeddable":true,"href":"https:\/\/museuinca.rwdesarrollos.es\/es\/wp-json\/wp\/v2\/users\/5"}],"replies":[{"embeddable":true,"href":"https:\/\/museuinca.rwdesarrollos.es\/es\/wp-json\/wp\/v2\/comments?post=23333"}],"version-history":[{"count":1,"href":"https:\/\/museuinca.rwdesarrollos.es\/es\/wp-json\/wp\/v2\/posts\/23333\/revisions"}],"predecessor-version":[{"id":26210,"href":"https:\/\/museuinca.rwdesarrollos.es\/es\/wp-json\/wp\/v2\/posts\/23333\/revisions\/26210"}],"wp:featuredmedia":[{"embeddable":true,"href":"https:\/\/museuinca.rwdesarrollos.es\/es\/wp-json\/wp\/v2\/media\/30842"}],"wp:attachment":[{"href":"https:\/\/museuinca.rwdesarrollos.es\/es\/wp-json\/wp\/v2\/media?parent=23333"}],"wp:term":[{"taxonomy":"category","embeddable":true,"href":"https:\/\/museuinca.rwdesarrollos.es\/es\/wp-json\/wp\/v2\/categories?post=23333"},{"taxonomy":"post_tag","embeddable":true,"href":"https:\/\/museuinca.rwdesarrollos.es\/es\/wp-json\/wp\/v2\/tags?post=23333"}],"curies":[{"name":"wp","href":"https:\/\/api.w.org\/{rel}","templated":true}]}}