{"id":24083,"date":"2024-06-21T12:59:35","date_gmt":"2024-06-21T10:59:35","guid":{"rendered":"https:\/\/museu.incaciutat.com\/2024\/06\/21\/aproximacion-al-fenomeno-musical-en-las-fabricas-del-calzado-de-inca-durante-el-s-xx-ciclo-de-conversaciones-en-el-museo\/"},"modified":"2024-07-29T08:44:52","modified_gmt":"2024-07-29T06:44:52","slug":"aproximacion-al-fenomeno-musical-en-las-fabricas-del-calzado-de-inca-durante-el-s-xx-ciclo-de-conversaciones-en-el-museo","status":"publish","type":"post","link":"https:\/\/museuinca.rwdesarrollos.es\/es\/2024\/06\/21\/aproximacion-al-fenomeno-musical-en-las-fabricas-del-calzado-de-inca-durante-el-s-xx-ciclo-de-conversaciones-en-el-museo\/","title":{"rendered":"Aproximaci\u00f3n al fen\u00f3meno musical en las f\u00e1bricas del calzado de Inca durante el s. XX. Ciclo de conversaciones en el Museo"},"content":{"rendered":"\n<p class=\"wp-block-paragraph\"><\/p>\n\n<figure class=\"wp-block-image size-large\"><a href=\"https:\/\/museu.incaciutat.com\/wp-content\/uploads\/2024\/06\/converses-2606-A3-3_page-0001-scaled.jpg\" target=\"_blank\" rel=\"noopener\"><img decoding=\"async\" src=\"https:\/\/museu.incaciutat.com\/wp-content\/uploads\/2024\/06\/converses-2606-A3-3_page-0001-724x1024.jpg\" alt=\"\" class=\"wp-image-24056\"\/><\/a><\/figure>\n","protected":false},"excerpt":{"rendered":"","protected":false},"author":5,"featured_media":26365,"comment_status":"closed","ping_status":"closed","sticky":false,"template":"","format":"standard","meta":{"_acf_changed":false,"footnotes":""},"categories":[88],"tags":[],"class_list":["post-24083","post","type-post","status-publish","format-standard","has-post-thumbnail","hentry","category-actividad"],"acf":[],"_links":{"self":[{"href":"https:\/\/museuinca.rwdesarrollos.es\/es\/wp-json\/wp\/v2\/posts\/24083","targetHints":{"allow":["GET"]}}],"collection":[{"href":"https:\/\/museuinca.rwdesarrollos.es\/es\/wp-json\/wp\/v2\/posts"}],"about":[{"href":"https:\/\/museuinca.rwdesarrollos.es\/es\/wp-json\/wp\/v2\/types\/post"}],"author":[{"embeddable":true,"href":"https:\/\/museuinca.rwdesarrollos.es\/es\/wp-json\/wp\/v2\/users\/5"}],"replies":[{"embeddable":true,"href":"https:\/\/museuinca.rwdesarrollos.es\/es\/wp-json\/wp\/v2\/comments?post=24083"}],"version-history":[{"count":1,"href":"https:\/\/museuinca.rwdesarrollos.es\/es\/wp-json\/wp\/v2\/posts\/24083\/revisions"}],"predecessor-version":[{"id":26312,"href":"https:\/\/museuinca.rwdesarrollos.es\/es\/wp-json\/wp\/v2\/posts\/24083\/revisions\/26312"}],"wp:featuredmedia":[{"embeddable":true,"href":"https:\/\/museuinca.rwdesarrollos.es\/es\/wp-json\/wp\/v2\/media\/26365"}],"wp:attachment":[{"href":"https:\/\/museuinca.rwdesarrollos.es\/es\/wp-json\/wp\/v2\/media?parent=24083"}],"wp:term":[{"taxonomy":"category","embeddable":true,"href":"https:\/\/museuinca.rwdesarrollos.es\/es\/wp-json\/wp\/v2\/categories?post=24083"},{"taxonomy":"post_tag","embeddable":true,"href":"https:\/\/museuinca.rwdesarrollos.es\/es\/wp-json\/wp\/v2\/tags?post=24083"}],"curies":[{"name":"wp","href":"https:\/\/api.w.org\/{rel}","templated":true}]}}